{"id":26963,"date":"2023-09-25T20:28:05","date_gmt":"2023-09-25T18:28:05","guid":{"rendered":"https:\/\/www.valgardenasport.com\/unkategorisiert\/visita-della-fabbrica-di-sci-atomic\/"},"modified":"2024-08-29T14:44:39","modified_gmt":"2024-08-29T12:44:39","slug":"visita-della-fabbrica-di-sci-atomic","status":"publish","type":"post","link":"https:\/\/www.valgardenasport.com\/de\/blog-de\/visita-della-fabbrica-di-sci-atomic\/","title":{"rendered":"Tour durch die Atomic Skifabrik"},"content":{"rendered":"<p><div class=\"fusion-fullwidth fullwidth-box fusion-builder-row-1 fusion-flex-container has-pattern-background has-mask-background nonhundred-percent-fullwidth non-hundred-percent-height-scrolling\" style=\"--awb-border-radius-top-left:0px;--awb-border-radius-top-right:0px;--awb-border-radius-bottom-right:0px;--awb-border-radius-bottom-left:0px;--awb-flex-wrap:wrap;\" ><div class=\"fusion-builder-row fusion-row fusion-flex-align-items-flex-start fusion-flex-content-wrap\" style=\"max-width:1393.6px;margin-left: calc(-4% \/ 2 );margin-right: calc(-4% \/ 2 );\"><div class=\"fusion-layout-column fusion_builder_column fusion-builder-column-0 fusion_builder_column_2_5 2_5 fusion-flex-column\" style=\"--awb-bg-size:cover;--awb-width-large:40%;--awb-margin-top-large:0px;--awb-spacing-right-large:4.8%;--awb-margin-bottom-large:20px;--awb-spacing-left-large:4.8%;--awb-width-medium:40%;--awb-order-medium:0;--awb-spacing-right-medium:4.8%;--awb-spacing-left-medium:4.8%;--awb-width-small:100%;--awb-order-small:0;--awb-spacing-right-small:1.92%;--awb-spacing-left-small:1.92%;\"><div class=\"fusion-column-wrapper fusion-column-has-shadow fusion-flex-justify-content-flex-start fusion-content-layout-column\"><div class=\"fusion-title title fusion-title-1 fusion-sep-none fusion-title-text fusion-title-size-two\" style=\"--awb-margin-top-small:10px;--awb-margin-right-small:0px;--awb-margin-bottom-small:10px;--awb-margin-left-small:0px;\"><h2 class=\"fusion-title-heading title-heading-left fusion-responsive-typography-calculated\" style=\"margin:0;--fontSize:22;--minFontSize:22;line-height:1.3;\">Die Mitarbeiter von Intersport Val Gardena entdecken das Herz von Atomic: ein unvergesslicher Besuch in \u00d6sterreich.<\/h2><\/div><div class=\"fusion-text fusion-text-1\"><p>Heute, am 25. September 2023, hatten wir das Privileg, durch die T\u00fcren der legend\u00e4ren Atomic Skifabrik im malerischen Altenmarkt in \u00d6sterreich zu treten. Begleitet von keinem Geringeren als dem ehemaligen Weltcup-Athleten Werner Heel begaben wir uns auf eine au\u00dfergew\u00f6hnliche Reise durch die Welt von Atomic, einer Premium-Marke, die seit Jahrzehnten die alpine und nordische Weltcup-Szene dominiert.<\/p>\n<\/div><div class=\"fusion-image-element \" style=\"--awb-caption-title-font-family:var(--h2_typography-font-family);--awb-caption-title-font-weight:var(--h2_typography-font-weight);--awb-caption-title-font-style:var(--h2_typography-font-style);--awb-caption-title-size:var(--h2_typography-font-size);--awb-caption-title-transform:var(--h2_typography-text-transform);--awb-caption-title-line-height:var(--h2_typography-line-height);--awb-caption-title-letter-spacing:var(--h2_typography-letter-spacing);\"><span class=\" fusion-imageframe imageframe-none imageframe-1 hover-type-none\"><img decoding=\"async\" width=\"1200\" height=\"670\" alt=\"Fabbrica di sci Atomic in Altenmarkt - Austria\" title=\"fabbrica-sci-atomic-altenmarkt\" src=\"\/wp-content\/uploads\/2023\/09\/fabbrica-sci-atomic-altenmarkt.webp\" class=\"img-responsive wp-image-28106\" srcset=\"https:\/\/www.valgardenasport.com\/wp-content\/uploads\/2023\/09\/fabbrica-sci-atomic-altenmarkt-200x112.webp 200w, https:\/\/www.valgardenasport.com\/wp-content\/uploads\/2023\/09\/fabbrica-sci-atomic-altenmarkt-400x223.webp 400w, https:\/\/www.valgardenasport.com\/wp-content\/uploads\/2023\/09\/fabbrica-sci-atomic-altenmarkt-600x335.webp 600w, https:\/\/www.valgardenasport.com\/wp-content\/uploads\/2023\/09\/fabbrica-sci-atomic-altenmarkt-800x447.webp 800w, https:\/\/www.valgardenasport.com\/wp-content\/uploads\/2023\/09\/fabbrica-sci-atomic-altenmarkt.webp 1200w\" sizes=\"(max-width: 640px) 100vw, 600px\" \/><\/span><\/div><\/div><\/div><div class=\"fusion-layout-column fusion_builder_column fusion-builder-column-1 fusion_builder_column_3_5 3_5 fusion-flex-column\" style=\"--awb-bg-image:url(&#039;\/wp-content\/uploads\/2023\/09\/Werner-Heel-Atomic.webp&#039;);--awb-bg-size:cover;--awb-width-large:60%;--awb-margin-top-large:0px;--awb-spacing-right-large:3.2%;--awb-margin-bottom-large:20px;--awb-spacing-left-large:3.2%;--awb-width-medium:60%;--awb-order-medium:0;--awb-spacing-right-medium:3.2%;--awb-spacing-left-medium:3.2%;--awb-width-small:100%;--awb-order-small:0;--awb-spacing-right-small:1.92%;--awb-spacing-left-small:1.92%;\"><div class=\"fusion-column-wrapper fusion-column-has-shadow fusion-flex-justify-content-flex-start fusion-content-layout-column fusion-empty-column-bg-image fusion-column-has-bg-image\" data-bg-url=\"\/wp-content\/uploads\/2023\/09\/Werner-Heel-Atomic.webp\"><img decoding=\"async\" class=\"fusion-empty-dims-img-placeholder fusion-no-large-visibility\" src=\"data:image\/gif;base64,R0lGODlhAQABAAAAACH5BAEKAAEALAAAAAABAAEAAAICTAEAOw==\" alt=\"\"><\/div><\/div><div class=\"fusion-layout-column fusion_builder_column fusion-builder-column-2 fusion_builder_column_1_1 1_1 fusion-flex-column\" style=\"--awb-bg-size:cover;--awb-width-large:100%;--awb-margin-top-large:0px;--awb-spacing-right-large:1.92%;--awb-margin-bottom-large:20px;--awb-spacing-left-large:1.92%;--awb-width-medium:100%;--awb-order-medium:0;--awb-spacing-right-medium:1.92%;--awb-spacing-left-medium:1.92%;--awb-width-small:100%;--awb-order-small:0;--awb-spacing-right-small:1.92%;--awb-spacing-left-small:1.92%;\"><div class=\"fusion-column-wrapper fusion-column-has-shadow fusion-flex-justify-content-flex-start fusion-content-layout-column\"><div class=\"fusion-text fusion-text-2 awb-text-cols fusion-text-columns-2\" style=\"--awb-columns:2;--awb-column-spacing:2em;--awb-column-min-width:100px;\"><p><strong>Hinter den Kulissen: Das Rohstofflager<\/strong><br \/>\nUnser Abenteuer begann im Rohstofflager. Hier konnten wir in riesigen Regalen Titanrollen und Faserplatten, Phenol, Holzkerne verschiedener Arten, Bel\u00e4ge und eine breite Palette von Materialien sehen. Das ist das Rohmaterial, aus dem Atomic-Ski hergestellt werden, das Fundament, auf dem die Spitzenleistung aufgebaut wird.<\/p>\n<p><strong>\u00a0<\/strong><\/p>\n<p><strong>Die Kunst des Abbindens<\/strong><\/p>\n<p>Von der Rohstoffabteilung aus betreten wir die Atomic Holzwerkstatt, in der das Holz in Kunstwerke verwandelt wird. Das Holz wird gefr\u00e4st, gehobelt und auf die richtigen Ma\u00dfe gebracht, um den Kern des Skis zu bilden. \u00dcberraschenderweise gibt es verschiedene Arten von Holz, jede mit einzigartigen Eigenschaften, von steif und schwer bis hin zu geschmeidig und leicht.<\/p>\n<\/div><\/div><\/div><\/div><\/div><div class=\"fusion-fullwidth fullwidth-box fusion-builder-row-2 fusion-flex-container has-pattern-background has-mask-background nonhundred-percent-fullwidth non-hundred-percent-height-scrolling\" style=\"--awb-border-radius-top-left:0px;--awb-border-radius-top-right:0px;--awb-border-radius-bottom-right:0px;--awb-border-radius-bottom-left:0px;--awb-flex-wrap:wrap;\" ><div class=\"fusion-builder-row fusion-row fusion-flex-align-items-flex-start fusion-flex-content-wrap\" style=\"max-width:1393.6px;margin-left: calc(-4% \/ 2 );margin-right: calc(-4% \/ 2 );\"><div class=\"fusion-layout-column fusion_builder_column fusion-builder-column-3 fusion_builder_column_1_2 1_2 fusion-flex-column\" style=\"--awb-bg-size:cover;--awb-width-large:50%;--awb-margin-top-large:0px;--awb-spacing-right-large:3.84%;--awb-margin-bottom-large:20px;--awb-spacing-left-large:3.84%;--awb-width-medium:50%;--awb-order-medium:0;--awb-spacing-right-medium:3.84%;--awb-spacing-left-medium:3.84%;--awb-width-small:100%;--awb-order-small:0;--awb-spacing-right-small:1.92%;--awb-spacing-left-small:1.92%;\"><div class=\"fusion-column-wrapper fusion-column-has-shadow fusion-flex-justify-content-flex-start fusion-content-layout-column\"><div class=\"awb-gallery-wrapper awb-gallery-wrapper-1 button-span-no\" style=\"--more-btn-alignment:center;\"><div style=\"margin:-5px;--awb-bordersize:0px;\" class=\"fusion-gallery fusion-gallery-container fusion-grid-2 fusion-columns-total-4 fusion-gallery-layout-grid fusion-gallery-1\"><div style=\"padding:5px;\" class=\"fusion-grid-column fusion-gallery-column fusion-gallery-column-2 hover-type-none\"><div class=\"fusion-gallery-image\"><a href=\"https:\/\/www.valgardenasport.com\/wp-content\/uploads\/2023\/09\/fabbrica-sci-atomic-9.webp\" rel=\"noreferrer\" data-rel=\"iLightbox[gallery_image_1]\" class=\"fusion-lightbox\" target=\"_self\"><img decoding=\"async\" src=\"https:\/\/www.valgardenasport.com\/wp-content\/uploads\/2023\/09\/fabbrica-sci-atomic-9.webp\" width=\"768\" height=\"1024\" alt=\"\" title=\"fabbrica-sci-atomic-9\" aria-label=\"fabbrica-sci-atomic-9\" class=\"img-responsive wp-image-1291\" srcset=\"https:\/\/www.valgardenasport.com\/wp-content\/uploads\/2023\/09\/fabbrica-sci-atomic-9-200x267.webp 200w, https:\/\/www.valgardenasport.com\/wp-content\/uploads\/2023\/09\/fabbrica-sci-atomic-9-400x533.webp 400w, https:\/\/www.valgardenasport.com\/wp-content\/uploads\/2023\/09\/fabbrica-sci-atomic-9-600x800.webp 600w, https:\/\/www.valgardenasport.com\/wp-content\/uploads\/2023\/09\/fabbrica-sci-atomic-9.webp 768w\" sizes=\"(min-width: 2200px) 100vw, (min-width: 712px) 668px, (min-width: 640px) 712px, \"><\/a><\/div><\/div><div style=\"padding:5px;\" class=\"fusion-grid-column fusion-gallery-column fusion-gallery-column-2 hover-type-none\"><div class=\"fusion-gallery-image\"><a href=\"https:\/\/www.valgardenasport.com\/wp-content\/uploads\/2023\/09\/fabbrica-sci-atomic-7.webp\" rel=\"noreferrer\" data-rel=\"iLightbox[gallery_image_1]\" class=\"fusion-lightbox\" target=\"_self\"><img decoding=\"async\" src=\"https:\/\/www.valgardenasport.com\/wp-content\/uploads\/2023\/09\/fabbrica-sci-atomic-7.webp\" width=\"768\" height=\"1024\" alt=\"\" title=\"fabbrica-sci-atomic-7\" aria-label=\"fabbrica-sci-atomic-7\" class=\"img-responsive wp-image-1293\" srcset=\"https:\/\/www.valgardenasport.com\/wp-content\/uploads\/2023\/09\/fabbrica-sci-atomic-7-200x267.webp 200w, https:\/\/www.valgardenasport.com\/wp-content\/uploads\/2023\/09\/fabbrica-sci-atomic-7-400x533.webp 400w, https:\/\/www.valgardenasport.com\/wp-content\/uploads\/2023\/09\/fabbrica-sci-atomic-7-600x800.webp 600w, https:\/\/www.valgardenasport.com\/wp-content\/uploads\/2023\/09\/fabbrica-sci-atomic-7.webp 768w\" sizes=\"(min-width: 2200px) 100vw, (min-width: 712px) 668px, (min-width: 640px) 712px, \"><\/a><\/div><\/div><div class=\"clearfix\"><\/div><div style=\"padding:5px;\" class=\"fusion-grid-column fusion-gallery-column fusion-gallery-column-2 hover-type-none\"><div class=\"fusion-gallery-image\"><a href=\"https:\/\/www.valgardenasport.com\/wp-content\/uploads\/2023\/09\/fabbrica-sci-atomic-5.webp\" rel=\"noreferrer\" data-rel=\"iLightbox[gallery_image_1]\" class=\"fusion-lightbox\" target=\"_self\"><img decoding=\"async\" src=\"https:\/\/www.valgardenasport.com\/wp-content\/uploads\/2023\/09\/fabbrica-sci-atomic-5.webp\" width=\"768\" height=\"1024\" alt=\"\" title=\"fabbrica-sci-atomic-5\" aria-label=\"fabbrica-sci-atomic-5\" class=\"img-responsive wp-image-1295\" srcset=\"https:\/\/www.valgardenasport.com\/wp-content\/uploads\/2023\/09\/fabbrica-sci-atomic-5-200x267.webp 200w, https:\/\/www.valgardenasport.com\/wp-content\/uploads\/2023\/09\/fabbrica-sci-atomic-5-400x533.webp 400w, https:\/\/www.valgardenasport.com\/wp-content\/uploads\/2023\/09\/fabbrica-sci-atomic-5-600x800.webp 600w, https:\/\/www.valgardenasport.com\/wp-content\/uploads\/2023\/09\/fabbrica-sci-atomic-5.webp 768w\" sizes=\"(min-width: 2200px) 100vw, (min-width: 712px) 668px, (min-width: 640px) 712px, \"><\/a><\/div><\/div><div style=\"padding:5px;\" class=\"fusion-grid-column fusion-gallery-column fusion-gallery-column-2 hover-type-none\"><div class=\"fusion-gallery-image\"><a href=\"https:\/\/www.valgardenasport.com\/wp-content\/uploads\/2023\/09\/fabbrica-sci-atomic-8.webp\" rel=\"noreferrer\" data-rel=\"iLightbox[gallery_image_1]\" class=\"fusion-lightbox\" target=\"_self\"><img decoding=\"async\" src=\"https:\/\/www.valgardenasport.com\/wp-content\/uploads\/2023\/09\/fabbrica-sci-atomic-8.webp\" width=\"768\" height=\"1024\" alt=\"\" title=\"fabbrica-sci-atomic-8\" aria-label=\"fabbrica-sci-atomic-8\" class=\"img-responsive wp-image-1292\" srcset=\"https:\/\/www.valgardenasport.com\/wp-content\/uploads\/2023\/09\/fabbrica-sci-atomic-8-200x267.webp 200w, https:\/\/www.valgardenasport.com\/wp-content\/uploads\/2023\/09\/fabbrica-sci-atomic-8-400x533.webp 400w, https:\/\/www.valgardenasport.com\/wp-content\/uploads\/2023\/09\/fabbrica-sci-atomic-8-600x800.webp 600w, https:\/\/www.valgardenasport.com\/wp-content\/uploads\/2023\/09\/fabbrica-sci-atomic-8.webp 768w\" sizes=\"(min-width: 2200px) 100vw, (min-width: 712px) 668px, (min-width: 640px) 712px, \"><\/a><\/div><\/div><div class=\"clearfix\"><\/div><\/div><\/div><\/div><\/div><div class=\"fusion-layout-column fusion_builder_column fusion-builder-column-4 fusion_builder_column_1_2 1_2 fusion-flex-column\" style=\"--awb-bg-size:cover;--awb-width-large:50%;--awb-margin-top-large:0px;--awb-spacing-right-large:3.84%;--awb-margin-bottom-large:20px;--awb-spacing-left-large:3.84%;--awb-width-medium:50%;--awb-order-medium:0;--awb-spacing-right-medium:3.84%;--awb-spacing-left-medium:3.84%;--awb-width-small:100%;--awb-order-small:0;--awb-spacing-right-small:1.92%;--awb-spacing-left-small:1.92%;\"><div class=\"fusion-column-wrapper fusion-column-has-shadow fusion-flex-justify-content-flex-start fusion-content-layout-column\"><div class=\"fusion-text fusion-text-3\"><p><strong>Handmontage: Ein Zeichen f\u00fcr Exzellenz<\/strong><br \/>\nDie wahre Magie geschieht in der Presserei. Hier nehmen die Atomic-Ski Gestalt an. Es mag unglaublich klingen, aber jeder erstklassige Ski ist handgefertigt! Jede Schicht, vom Belag bis zu den Kanten, von den Seitenkanten bis zum Holzkern und den verschiedenen Faser- und Carbonschichten, wird sorgf\u00e4ltig in die gefr\u00e4ste Aluminiumform eingesetzt. Diese Konstruktionstechnik wird als &#8222;Sandwiching&#8220; bezeichnet. Zwischen den einzelnen Schichten sorgt ein spezieller Kleber f\u00fcr maximale Haftung. Nach dem Zusammenbau wird alles in die Presse gegeben, wo der Kleber trocknen kann und ein einzigartiger Atomic-Ski entsteht.<\/p>\n<p><strong>Qualit\u00e4t ist unser oberstes Gebot<\/strong><br \/>\nNach dem Zusammenbau wird das \u00fcberfl\u00fcssige Material mit Schneidemaschinen und Bandmaschinen entfernt. Danach kommen die Skier in einen Maschinenkanal, der sie reinigt, poliert und einer ersten Schruppung unterzieht. Hier geschieht etwas wirklich Au\u00dfergew\u00f6hnliches: Jeder zehnte Ski wird einer strengen Qualit\u00e4tspr\u00fcfung auf Fehler unterzogen. Diese Daten werden in eine spezielle Qualit\u00e4tsdatenbank eingegeben. Nur perfekte Skier verlassen das Atomic-Werk.<\/p>\n<p><strong>Die Leidenschaft des Handwerks: Handarbeit mit Herz<\/strong><br \/>\nDer \u00fcberraschendste Aspekt dieses Besuchs war die Entdeckung, dass trotz der automatisierten Prozesse ein gro\u00dfer Teil der Arbeit von hochqualifizierten Handwerkern erledigt wird, die ihre Arbeit sehr lieben. Die Mitarbeiter von Atomic empfingen uns mit au\u00dferordentlicher Freundlichkeit und nahmen sich die Zeit, alle unsere Fragen zu beantworten und uns in die Geheimnisse ihres Handwerks einzuweihen.<\/p>\n<p>Wir m\u00f6chten Werner Heel unseren aufrichtigen Dank daf\u00fcr aussprechen, dass er uns auf diese au\u00dfergew\u00f6hnliche Reise in das Herz von Atomic mitgenommen hat. Dieser Tag war eine intensive emotionale Erfahrung und wir haben erfahren, wie viel Arbeit, Hingabe und Liebe in der Herstellung jedes Atomic-Skis steckt.<\/p>\n<p>Begleite uns in die Welt von Atomic, in der die Leidenschaft f\u00fcr Perfektion die treibende Kraft ist, die diese Marke zu einer wahren Legende im weltweiten Skisport gemacht hat.<\/p>\n<p><b>Vielen Dank an Werner und alle bei Atomic!<\/b><\/p>\n<\/div><div class=\"fusion-image-element \" style=\"--awb-max-width:300px;--awb-caption-title-font-family:var(--h2_typography-font-family);--awb-caption-title-font-weight:var(--h2_typography-font-weight);--awb-caption-title-font-style:var(--h2_typography-font-style);--awb-caption-title-size:var(--h2_typography-font-size);--awb-caption-title-transform:var(--h2_typography-text-transform);--awb-caption-title-line-height:var(--h2_typography-line-height);--awb-caption-title-letter-spacing:var(--h2_typography-letter-spacing);\"><span class=\" fusion-imageframe imageframe-none imageframe-2 hover-type-none\"><img decoding=\"async\" width=\"539\" height=\"135\" title=\"Atomic-Logo\" src=\"\/wp-content\/uploads\/2023\/09\/Atomic-Logo-1.gif\" class=\"img-responsive wp-image-27962\" alt=\"\"><\/span><\/div><\/div><\/div><\/div><\/div><\/p>\n","protected":false},"excerpt":{"rendered":"","protected":false},"author":1,"featured_media":26964,"comment_status":"open","ping_status":"open","sticky":false,"template":"","format":"standard","meta":{"footnotes":""},"categories":[267],"tags":[],"class_list":["post-26963","post","type-post","status-publish","format-standard","has-post-thumbnail","hentry","category-blog-de"],"_links":{"self":[{"href":"https:\/\/www.valgardenasport.com\/de\/wp-json\/wp\/v2\/posts\/26963","targetHints":{"allow":["GET"]}}],"collection":[{"href":"https:\/\/www.valgardenasport.com\/de\/wp-json\/wp\/v2\/posts"}],"about":[{"href":"https:\/\/www.valgardenasport.com\/de\/wp-json\/wp\/v2\/types\/post"}],"author":[{"embeddable":true,"href":"https:\/\/www.valgardenasport.com\/de\/wp-json\/wp\/v2\/users\/1"}],"replies":[{"embeddable":true,"href":"https:\/\/www.valgardenasport.com\/de\/wp-json\/wp\/v2\/comments?post=26963"}],"version-history":[{"count":0,"href":"https:\/\/www.valgardenasport.com\/de\/wp-json\/wp\/v2\/posts\/26963\/revisions"}],"wp:featuredmedia":[{"embeddable":true,"href":"https:\/\/www.valgardenasport.com\/de\/wp-json\/wp\/v2\/media\/26964"}],"wp:attachment":[{"href":"https:\/\/www.valgardenasport.com\/de\/wp-json\/wp\/v2\/media?parent=26963"}],"wp:term":[{"taxonomy":"category","embeddable":true,"href":"https:\/\/www.valgardenasport.com\/de\/wp-json\/wp\/v2\/categories?post=26963"},{"taxonomy":"post_tag","embeddable":true,"href":"https:\/\/www.valgardenasport.com\/de\/wp-json\/wp\/v2\/tags?post=26963"}],"curies":[{"name":"wp","href":"https:\/\/api.w.org\/{rel}","templated":true}]}}