{"id":30792,"date":"2023-12-28T12:31:32","date_gmt":"2023-12-28T11:31:32","guid":{"rendered":"https:\/\/www.valgardenasport.com\/unkategorisiert\/marco-odermatt-in-val-gardena\/"},"modified":"2025-08-26T09:57:39","modified_gmt":"2025-08-26T07:57:39","slug":"marco-odermatt-in-val-gardena","status":"publish","type":"post","link":"https:\/\/www.valgardenasport.com\/de\/blog-de\/marco-odermatt-in-val-gardena\/","title":{"rendered":"Marco Odermatt Besuch in Val Gardena"},"content":{"rendered":"<div class=\"fusion-fullwidth fullwidth-box fusion-builder-row-1 fusion-flex-container nonhundred-percent-fullwidth non-hundred-percent-height-scrolling\" style=\"--awb-border-radius-top-left:0px;--awb-border-radius-top-right:0px;--awb-border-radius-bottom-right:0px;--awb-border-radius-bottom-left:0px;--awb-flex-wrap:wrap;\" ><div class=\"fusion-builder-row fusion-row fusion-flex-align-items-flex-start fusion-flex-content-wrap\" style=\"max-width:1393.6px;margin-left: calc(-4% \/ 2 );margin-right: calc(-4% \/ 2 );\"><div class=\"fusion-layout-column fusion_builder_column fusion-builder-column-0 fusion_builder_column_1_1 1_1 fusion-flex-column\" style=\"--awb-bg-blend:overlay;--awb-bg-size:cover;--awb-width-large:100%;--awb-margin-top-large:0px;--awb-spacing-right-large:1.92%;--awb-margin-bottom-large:0px;--awb-spacing-left-large:1.92%;--awb-width-medium:100%;--awb-spacing-right-medium:1.92%;--awb-spacing-left-medium:1.92%;--awb-width-small:100%;--awb-spacing-right-small:1.92%;--awb-spacing-left-small:1.92%;\"><div class=\"fusion-column-wrapper fusion-flex-justify-content-flex-start fusion-content-layout-column\"><div class=\"fusion-text fusion-text-1\"><p>Am 16. und 17. Dezember fanden in Gr\u00f6den die Weltcup-Skirennen statt. Aus diesem Anlass haben wir von Intersport Val Gardena mit Marco Odermatt, dem Weltcupf\u00fchrenden von Wolkenstein, gesprochen. Bei dieser Gelegenheit signierte er uns den limitierten St\u00f6ckli Ski Laser WRT Pro.<br \/>\nIn Gr\u00f6den hat Dominik Paris die Abfahrt gewonnen, Marco wurde um wenige Hundertstel geschlagen. Beim Riesentorlauf in Alta Badia hat Marco aber wieder sein K\u00f6nnen unter Beweis gestellt und das Rennen gewonnen.<br \/>\nWir w\u00fcnschen Marco weiterhin viel Erfolg und Spa\u00df beim Skifahren. &#8230;. Und vielleicht gewinnt er in diesem Winter wieder die gro\u00dfe Kristallkugel.<br \/>\nAlles Gute!<\/p>\n<p>P.S.: den signierten Ski (Skila\u00e4nge 172cm) kannst du jetzt kaufen: <a href=\"https:\/\/mountainshop.online\/snow\/AUSRUESTUNG\/\" target=\"_blank\" rel=\"noopener\">https:\/\/mountainshop.online<\/a><\/p>\n<\/div><div class=\"fusion-image-element \" style=\"--awb-caption-title-font-family:var(--h2_typography-font-family);--awb-caption-title-font-weight:var(--h2_typography-font-weight);--awb-caption-title-font-style:var(--h2_typography-font-style);--awb-caption-title-size:var(--h2_typography-font-size);--awb-caption-title-transform:var(--h2_typography-text-transform);--awb-caption-title-line-height:var(--h2_typography-line-height);--awb-caption-title-letter-spacing:var(--h2_typography-letter-spacing);\"><span class=\" fusion-imageframe imageframe-none imageframe-1 hover-type-none\"><img decoding=\"async\" width=\"1200\" height=\"1600\" alt=\"St\u00f6ckli Laser WRT Pro Marco Odermatt limited Edition with marcos sign\" title=\"stoeckli-laser-wrt-pro-with odermatt-sign\" src=\"https:\/\/www.valgardenasport.com\/wp-content\/uploads\/2023\/12\/stoeckli-laser-wrt-pro-with-odermatt-sign.jpg\" class=\"img-responsive wp-image-30785\" srcset=\"https:\/\/www.valgardenasport.com\/wp-content\/uploads\/2023\/12\/stoeckli-laser-wrt-pro-with-odermatt-sign-200x267.jpg 200w, https:\/\/www.valgardenasport.com\/wp-content\/uploads\/2023\/12\/stoeckli-laser-wrt-pro-with-odermatt-sign-400x533.jpg 400w, https:\/\/www.valgardenasport.com\/wp-content\/uploads\/2023\/12\/stoeckli-laser-wrt-pro-with-odermatt-sign-600x800.jpg 600w, https:\/\/www.valgardenasport.com\/wp-content\/uploads\/2023\/12\/stoeckli-laser-wrt-pro-with-odermatt-sign-800x1067.jpg 800w, https:\/\/www.valgardenasport.com\/wp-content\/uploads\/2023\/12\/stoeckli-laser-wrt-pro-with-odermatt-sign.jpg 1200w\" sizes=\"(max-width: 640px) 100vw, 1200px\" \/><\/span><\/div><\/div><\/div><\/div><\/div>\n","protected":false},"excerpt":{"rendered":"","protected":false},"author":1,"featured_media":30788,"comment_status":"open","ping_status":"open","sticky":false,"template":"","format":"standard","meta":{"footnotes":""},"categories":[267],"tags":[],"class_list":["post-30792","post","type-post","status-publish","format-standard","has-post-thumbnail","hentry","category-blog-de"],"_links":{"self":[{"href":"https:\/\/www.valgardenasport.com\/de\/wp-json\/wp\/v2\/posts\/30792","targetHints":{"allow":["GET"]}}],"collection":[{"href":"https:\/\/www.valgardenasport.com\/de\/wp-json\/wp\/v2\/posts"}],"about":[{"href":"https:\/\/www.valgardenasport.com\/de\/wp-json\/wp\/v2\/types\/post"}],"author":[{"embeddable":true,"href":"https:\/\/www.valgardenasport.com\/de\/wp-json\/wp\/v2\/users\/1"}],"replies":[{"embeddable":true,"href":"https:\/\/www.valgardenasport.com\/de\/wp-json\/wp\/v2\/comments?post=30792"}],"version-history":[{"count":2,"href":"https:\/\/www.valgardenasport.com\/de\/wp-json\/wp\/v2\/posts\/30792\/revisions"}],"predecessor-version":[{"id":36973,"href":"https:\/\/www.valgardenasport.com\/de\/wp-json\/wp\/v2\/posts\/30792\/revisions\/36973"}],"wp:featuredmedia":[{"embeddable":true,"href":"https:\/\/www.valgardenasport.com\/de\/wp-json\/wp\/v2\/media\/30788"}],"wp:attachment":[{"href":"https:\/\/www.valgardenasport.com\/de\/wp-json\/wp\/v2\/media?parent=30792"}],"wp:term":[{"taxonomy":"category","embeddable":true,"href":"https:\/\/www.valgardenasport.com\/de\/wp-json\/wp\/v2\/categories?post=30792"},{"taxonomy":"post_tag","embeddable":true,"href":"https:\/\/www.valgardenasport.com\/de\/wp-json\/wp\/v2\/tags?post=30792"}],"curies":[{"name":"wp","href":"https:\/\/api.w.org\/{rel}","templated":true}]}}