{"id":32094,"date":"2023-10-07T14:50:17","date_gmt":"2023-10-07T12:50:17","guid":{"rendered":"https:\/\/www.valgardenasport.com\/unkategorisiert\/malga-tuff\/"},"modified":"2024-06-06T13:59:15","modified_gmt":"2024-06-06T11:59:15","slug":"tuffalm-voels-am-schlern","status":"publish","type":"post","link":"https:\/\/www.valgardenasport.com\/de\/mountainbike-e-bike-touren-in-den-dolomiten\/tuffalm-voels-am-schlern\/","title":{"rendered":"Tuffalm &#8211; V\u00f6ls am Schlern"},"content":{"rendered":"<div class=\"fusion-fullwidth fullwidth-box fusion-builder-row-1 fusion-flex-container nonhundred-percent-fullwidth non-hundred-percent-height-scrolling\" style=\"--awb-border-radius-top-left:0px;--awb-border-radius-top-right:0px;--awb-border-radius-bottom-right:0px;--awb-border-radius-bottom-left:0px;--awb-flex-wrap:wrap;\" ><div class=\"fusion-builder-row fusion-row fusion-flex-align-items-flex-start fusion-flex-content-wrap\" style=\"max-width:1393.6px;margin-left: calc(-4% \/ 2 );margin-right: calc(-4% \/ 2 );\"><div class=\"fusion-layout-column fusion_builder_column fusion-builder-column-0 fusion_builder_column_1_1 1_1 fusion-flex-column\" style=\"--awb-bg-blend:overlay;--awb-bg-size:cover;--awb-width-large:100%;--awb-margin-top-large:0px;--awb-spacing-right-large:1.92%;--awb-margin-bottom-large:0px;--awb-spacing-left-large:1.92%;--awb-width-medium:100%;--awb-spacing-right-medium:1.92%;--awb-spacing-left-medium:1.92%;--awb-width-small:100%;--awb-spacing-right-small:1.92%;--awb-spacing-left-small:1.92%;\"><div class=\"fusion-column-wrapper fusion-flex-justify-content-flex-start fusion-content-layout-column\"><nav class=\"fusion-breadcrumbs fusion-breadcrumbs-1\" style=\"--awb-breadcrumb-sep:&#039;&gt;&#039;;\" aria-label=\"Breadcrumb\"><nav aria-label=\"breadcrumbs\" class=\"rank-math-breadcrumb\"><p><span class=\"last\">Home<\/span><\/p><\/nav><\/nav><div class=\"fusion-text fusion-text-1\"><p>Diese Tour ist ein echter Traum und f\u00fchrt dich zu zwei bezaubernden Almh\u00fctten am Fu\u00dfe des Schlerns, umgeben von einer atemberaubenden Landschaft. Auf dem ersten Teil des Aufstiegs l\u00e4dt der V\u00f6lser Weiher zu einer erfrischenden Pause ein und bietet einen atemberaubenden Panoramablick. Wenn du vorhast, bei den H\u00fctten einzukehren, solltest du das im Voraus planen, denn ihre Terrassen bieten eine einladende Atmosph\u00e4re inmitten eines magischen Panoramas. Au\u00dferdem kann der kurze Abschnitt nach der Tuffalm, auf dem du dein Fahrrad schieben musst, von erfahrenen Radfahrern bew\u00e4ltigt werden.<\/p>\n<p>Die Route parallel zur Hauptstra\u00dfe beginnt mit dem Weg nach St. Konstantin, der ideal ist, um sich zun\u00e4chst aufzuw\u00e4rmen. Der Aufstieg zum V\u00f6lser Weiher folgt nicht der Hauptstra\u00dfe zum Weiher, sondern w\u00e4hlt eine ruhigere Variante von Norden her, zun\u00e4chst auf einer Asphaltstra\u00dfe und dann auf einer Forststra\u00dfe.<\/p>\n<p>Von dort aus gelangst du zum Ufer des V\u00f6lser Teichs, direkt neben dem gleichnamigen Hotel. Hier kannst du dich entweder im Hotel entspannen oder ein Bad im malerischen Teich am Fu\u00dfe des Schlern\/Schlern nehmen. Ein St\u00fcck weiter findest du eine gro\u00dfe Wiese mit einer kleinen Bar.<\/p>\n<p>Die Route f\u00fchrt weiter zum Huber-Teich, der sich ein St\u00fcck weiter befindet, und dann in den Wald in Richtung Tuffalm. Du musst einen H\u00f6henunterschied von 200 Metern bew\u00e4ltigen, aber wenn du angekommen bist, kannst du auf der Panoramaterrasse eine Pause einlegen.<\/p>\n<p>Es folgt ein kurzes St\u00fcck \u00fcber eine Weide, bevor du eine steile Schotterstra\u00dfe erreichst, die dich zum h\u00f6chsten Punkt der Tour bringt, der Seilbahn (f\u00fcr Material), die zur Bozner H\u00fctte f\u00fchrt. Der erste Abschnitt dieses Teils der Route ist als \u201ezu tragen\u201c gekennzeichnet, aber erfahrene Radfahrer k\u00f6nnen ihn auch fahren.<\/p>\n<p>Weiter auf der Forststra\u00dfe findest du die Abzweigung zur Hoferalm. Hier ist es ratsam, anzuhalten und sich Zeit zu nehmen, um die ruhige, abgelegene Lage und die Aussicht auf die umliegenden Gipfel bis hin zur Texelgruppe zu genie\u00dfen.<\/p>\n<p>Der Abstieg von der Hoferalm nach Umes beinhaltet einen H\u00f6henunterschied von 500 Metern. Die Tour endet wundersch\u00f6n an der alten Stra\u00dfe von Umes nach V\u00f6ls. Diese sch\u00f6ne, gr\u00f6\u00dftenteils unbefestigte Stra\u00dfe f\u00fchrt an alten Bauernh\u00f6fen in V\u00f6ls vorbei und bietet bei gutem Wetter angenehme Nachmittagssonne.<\/p>\n<p><strong>Varianten<\/strong><\/p>\n<ol>\n<li><strong>Direkter Aufstieg zum V\u00f6lser Weiher:<\/strong> An der Stra\u00dfe Nr. 5 in San Antonio kannst du es vermeiden, links abzubiegen und stattdessen geradeaus auf der Hauptstra\u00dfe weiterfahren. Hier beginnt die Stra\u00dfe, die dich direkt zum V\u00f6lser Weiher f\u00fchrt, von wo aus du die Tour dann wie in Punkt 19 beschrieben fortsetzen kannst.<\/li>\n<li><strong>K\u00fcrzere Route \u00fcber die Moarm\u00fchle:<\/strong> Am Wegpunkt 38 kannst du es vermeiden, ganz links abzubiegen und stattdessen dem Feldweg bergab folgen, der dich zur Stra\u00dfe nach Umes f\u00fchrt. Hier kannst du bis zum Kreisverkehr in V\u00f6ls weiterfahren.<\/li>\n<li><strong>Extra-Route \u00fcber den Aussichtspunkt Tschafonleger:<\/strong> Am Wegpunkt 42, kurz oberhalb von Umes, kannst du links in Richtung Monte Cavone\/Tschafon abbiegen. Diese Extra-Route f\u00fchrt dich \u00fcber den Aussichtspunkt Tschafonleger, den Sch\u00f6nblick, den Tsch\u00f6tscher und den Aussichtspunkt Schnaggenkreuz zur\u00fcck nach Umes, wo du die Tour wie in Wegpunkt 46 beschrieben fortsetzt. Diese gro\u00dfe Zusatzkurve umfasst 12,5 Kilometer mit einem Anstieg von 590 Metern.<\/li>\n<\/ol>\n<\/div><\/div><\/div><\/div><\/div>\n","protected":false},"excerpt":{"rendered":"","protected":false},"author":1,"featured_media":32095,"comment_status":"open","ping_status":"open","sticky":false,"template":"","format":"standard","meta":{"footnotes":""},"categories":[264],"tags":[],"class_list":["post-32094","post","type-post","status-publish","format-standard","has-post-thumbnail","hentry","category-mountainbike-e-bike-touren-in-den-dolomiten"],"_links":{"self":[{"href":"https:\/\/www.valgardenasport.com\/de\/wp-json\/wp\/v2\/posts\/32094","targetHints":{"allow":["GET"]}}],"collection":[{"href":"https:\/\/www.valgardenasport.com\/de\/wp-json\/wp\/v2\/posts"}],"about":[{"href":"https:\/\/www.valgardenasport.com\/de\/wp-json\/wp\/v2\/types\/post"}],"author":[{"embeddable":true,"href":"https:\/\/www.valgardenasport.com\/de\/wp-json\/wp\/v2\/users\/1"}],"replies":[{"embeddable":true,"href":"https:\/\/www.valgardenasport.com\/de\/wp-json\/wp\/v2\/comments?post=32094"}],"version-history":[{"count":0,"href":"https:\/\/www.valgardenasport.com\/de\/wp-json\/wp\/v2\/posts\/32094\/revisions"}],"wp:featuredmedia":[{"embeddable":true,"href":"https:\/\/www.valgardenasport.com\/de\/wp-json\/wp\/v2\/media\/32095"}],"wp:attachment":[{"href":"https:\/\/www.valgardenasport.com\/de\/wp-json\/wp\/v2\/media?parent=32094"}],"wp:term":[{"taxonomy":"category","embeddable":true,"href":"https:\/\/www.valgardenasport.com\/de\/wp-json\/wp\/v2\/categories?post=32094"},{"taxonomy":"post_tag","embeddable":true,"href":"https:\/\/www.valgardenasport.com\/de\/wp-json\/wp\/v2\/tags?post=32094"}],"curies":[{"name":"wp","href":"https:\/\/api.w.org\/{rel}","templated":true}]}}