{"id":32114,"date":"2023-10-07T14:54:20","date_gmt":"2023-10-07T12:54:20","guid":{"rendered":"https:\/\/www.valgardenasport.com\/unkategorisiert\/alpe-di-tires\/"},"modified":"2024-06-06T14:13:40","modified_gmt":"2024-06-06T12:13:40","slug":"tierser-alpl","status":"publish","type":"post","link":"https:\/\/www.valgardenasport.com\/de\/mountainbike-e-bike-touren-in-den-dolomiten\/tierser-alpl\/","title":{"rendered":"Tierser Alpl"},"content":{"rendered":"<div class=\"fusion-fullwidth fullwidth-box fusion-builder-row-1 fusion-flex-container nonhundred-percent-fullwidth non-hundred-percent-height-scrolling\" style=\"--awb-border-radius-top-left:0px;--awb-border-radius-top-right:0px;--awb-border-radius-bottom-right:0px;--awb-border-radius-bottom-left:0px;--awb-flex-wrap:wrap;\" ><div class=\"fusion-builder-row fusion-row fusion-flex-align-items-flex-start fusion-flex-content-wrap\" style=\"max-width:1393.6px;margin-left: calc(-4% \/ 2 );margin-right: calc(-4% \/ 2 );\"><div class=\"fusion-layout-column fusion_builder_column fusion-builder-column-0 fusion_builder_column_1_1 1_1 fusion-flex-column\" style=\"--awb-bg-size:cover;--awb-width-large:100%;--awb-margin-top-large:0px;--awb-spacing-right-large:1.92%;--awb-margin-bottom-large:0px;--awb-spacing-left-large:1.92%;--awb-width-medium:100%;--awb-spacing-right-medium:1.92%;--awb-spacing-left-medium:1.92%;--awb-width-small:100%;--awb-spacing-right-small:1.92%;--awb-spacing-left-small:1.92%;\"><div class=\"fusion-column-wrapper fusion-flex-justify-content-flex-start fusion-content-layout-column\"><nav class=\"fusion-breadcrumbs fusion-breadcrumbs-1\" style=\"--awb-breadcrumb-sep:&#039;&gt;&#039;;\" aria-label=\"Breadcrumb\"><nav aria-label=\"breadcrumbs\" class=\"rank-math-breadcrumb\"><p><span class=\"last\">Home<\/span><\/p><\/nav><\/nav><div class=\"fusion-text fusion-text-1\"><p>Eine au\u00dfergew\u00f6hnliche Tour, die alles und mehr f\u00fcr Mountainbiker bietet. Ein langer und abwechslungsreicher Anstieg mit fast 2.000 H\u00f6henmetern, der selbst f\u00fcr die erfahrensten Radfahrer eine anregende Herausforderung darstellt. Au\u00dferdem bietet sie zahlreiche Gelegenheiten zur Einkehr in einigen der sch\u00f6nsten Bergh\u00fctten der Region. Das Endziel ist die Tireseralm, die am Fu\u00dfe der spektakul\u00e4ren Denti di Terrrarossa\/Rossz\u00e4hne liegt und mit dem Mountainbike erreicht werden kann. Die Abfahrt, besonders im zweiten Teil, ist technisch anspruchsvoll und bietet Abschnitte, die f\u00fcr fortgeschrittene Fahrer geeignet sind. Ein Traum f\u00fcr gut trainierte Radfahrer, sowohl k\u00f6rperlich als auch technisch!<\/p>\n<p>Die Tour beginnt am Tourismusb\u00fcro in Seis. Die ersten Kilometer, die zum Infopoint in St. Valentin und der Panoramastra\u00dfe nach Wasserebene f\u00fchren, k\u00f6nnen als Aufw\u00e4rmphase genutzt werden. Danach beginnt die Herausforderung mit einem anspruchsvollen Anstieg zum Schafstall. Mit 200 H\u00f6henmetern mehr ist die Stra\u00dfe von Marinzen nach Gstatsch sehr eben.<\/p>\n<p>Der n\u00e4chste Abschnitt ist eine echte Herausforderung. Die n\u00e4chsten 250 H\u00f6henmeter f\u00e4hrst du auf der Seiser Alm Stra\u00dfe, die ab 9 Uhr bis zum Parkplatz f\u00fcr den Verkehr gesperrt ist. Es gibt keine vern\u00fcnftige Alternative zu dieser Stra\u00dfe. Nach dem Spitzb\u00fchel-Parkplatz wird die Tour wieder steiler. Mit einer durchschnittlichen Steigung von 15 Prozent geht es auf einer schmalen asphaltierten Stra\u00dfe hinauf zur Bergstation des Spitzb\u00fchel-Sessellifts. Die gleichnamige H\u00fctte beherrscht das Tal und bietet einen atemberaubenden Blick auf die Santner\/Santnerspitze, die das nordwestliche Ende des Schlerns darstellt und so nah erscheint, dass du sie fast mit dem Finger ber\u00fchren kannst.<\/p>\n<p>Vom Spitzb\u00fchel aus beginnt ein aussichtsreicher Marathon zwischen H\u00fctten, Almen und Schutzh\u00fctten auf der Seiser Alm. Auf dem Weg zur Laurinh\u00fctte, zum Alpenotel Panorama, zur Rosa-Alpina-H\u00fctte, zur Molignonh\u00fctte und zur Dialer Kirche werden die Seiser Alm und die umliegenden Gipfel, wie der Langkofel der Plattkofel, die Marmolada, die Sellastockgruppe, der Sas Rigais, die Gei\u00dfler, die Denti di Terrarossa\/Rossz\u00e4hne, der Schlern\/Schlern und die Punta Santner\/Santnerspitze, immer wieder in Erstaunen. An besonders klaren Tagen kann dein Blick bis zu den Zillertaler und Stubaier Alpen in \u00d6sterreich und sogar bis zum Ortler\/Ortler schweifen.<\/p>\n<p>Ein Abschnitt von 300 H\u00f6henmetern trennt die Diallerh\u00fctte von der Alpe di Tires-H\u00fctte, mit einem ziemlich steilen Anstieg. Einige Abschnitte erreichen eine Steigung von 20 %, was eine Herausforderung sein kann, wenn man schon viele H\u00f6henmeter \u00fcberwunden hat. Das Tierseralm H\u00fctte ist aber auf jeden Fall eine Einkehr wert und bietet ein herrliches Panorama, vor allem auf den nahe gelegenen Rosengarten. Die Gastfreundschaft der Gastgeber und die Qualit\u00e4t des Essens sind au\u00dfergew\u00f6hnlich, so dass auch eine \u00dcbernachtung einladend ist.<\/p>\n<p>Auf dem R\u00fcckweg \u00fcber aussichtsreiche Pfade steigen wir in Richtung Giogo Molignon ab und haben die M\u00f6glichkeit, bei klarem Himmel die Marmolada zu bewundern. Von der Dialler Kirche f\u00fchrt ein Panoramaweg zum Zallinger. Auf unbefestigten Wegen und weiter auf einer schmalen Asphaltstra\u00dfe erreichst du Saltria, wo der letzte Anstieg der Tour beginnt. Du radelst auf der asphaltierten Stra\u00dfe, vorbei an der sch\u00f6nen Rauch-H\u00fctte, nach Compaccio.<\/p>\n<p>Kurz unterhalb von Compaccio, beim Hotel Zorzi, f\u00fchrt ein Weg zum Parkplatz Spitzb\u00fchel. Nach der Jagglalm wird der Weg lustig und f\u00fchrt dich direkt zum Spitzb\u00fchel-Parkplatz. Auf dieser Etappe ist fortgeschrittenes Fahrk\u00f6nnen gefragt. Der Singletrail nach Gstatsch ist schmal, uneben und folgt teilweise einem alten Karrenweg. Bei Regen oder nassem Boden kann dieser Abschnitt sehr rutschig sein. Von Gstatsch aus geht der Spa\u00df auf einem schmalen, abgelegenen Pfad zu den Razzes-B\u00e4dern weiter. Erst auf der H\u00f6he des Frommerbachs wird der Weg wieder zur Schotterstra\u00dfe und wir kehren in die \u201eZivilisation\u201c zur\u00fcck.<\/p>\n<p>Unterhalb der Ruinen von Castelvecchio beginnt ein flie\u00dfender Pfad, der am Parkplatz der Seiser Alm Kabinenbahn endet. Von hier aus sind es nur noch wenige Minuten bis zum Ausgangspunkt am Tourismusb\u00fcro in Seis.<\/p>\n<p><strong>Varianten<\/strong><\/p>\n<ol>\n<li><strong>Leichterer Aufstieg auf der Stra\u00dfe zur Seiser Alm:<\/strong> Biege am Infopoint San Valentino nicht links ab, sondern fahre geradeaus in Richtung Gstatsch.<\/li>\n<li><span style=\"font-family: var(--awb-text-font-family); font-size: var(--awb-font-size); font-style: var(--awb-text-font-style); letter-spacing: var(--awb-letter-spacing); text-align: var(--awb-content-alignment); text-transform: var(--awb-text-transform);\"><strong>Umgehung der Tierseralm:<\/strong> F\u00fcr diejenigen, die nicht in guter k\u00f6rperlicher Verfassung sind, die sich versp\u00e4ten oder wenn das Wetter schlecht wird, ist es m\u00f6glich, von der Tour abzuweichen und sie an der Dialer Kirche abzubrechen. Danach biegst du, anstatt in Richtung Tierseralm H\u00fctte zu gehen, links in Richtung Zallinger ab. Auf diese Weise sparst du 320 H\u00f6henmeter und etwas mehr als eine Stunde Gehzeit.<\/span><\/li>\n<li><strong>Aufstieg mit der Seiser Alm Seilbahn:<\/strong> Deutlich einfacher und k\u00fcrzer wird die Tour, wenn du mit der Seilbahn nach Kompatsch f\u00e4hrst und auf der asphaltierten Stra\u00dfe am Informationsb\u00fcro der Seiser Alm vorbeiradelst.<\/li>\n<\/ol>\n<\/div><\/div><\/div><\/div><\/div>\n","protected":false},"excerpt":{"rendered":"","protected":false},"author":1,"featured_media":32115,"comment_status":"open","ping_status":"open","sticky":false,"template":"","format":"standard","meta":{"footnotes":""},"categories":[264],"tags":[],"class_list":["post-32114","post","type-post","status-publish","format-standard","has-post-thumbnail","hentry","category-mountainbike-e-bike-touren-in-den-dolomiten"],"_links":{"self":[{"href":"https:\/\/www.valgardenasport.com\/de\/wp-json\/wp\/v2\/posts\/32114","targetHints":{"allow":["GET"]}}],"collection":[{"href":"https:\/\/www.valgardenasport.com\/de\/wp-json\/wp\/v2\/posts"}],"about":[{"href":"https:\/\/www.valgardenasport.com\/de\/wp-json\/wp\/v2\/types\/post"}],"author":[{"embeddable":true,"href":"https:\/\/www.valgardenasport.com\/de\/wp-json\/wp\/v2\/users\/1"}],"replies":[{"embeddable":true,"href":"https:\/\/www.valgardenasport.com\/de\/wp-json\/wp\/v2\/comments?post=32114"}],"version-history":[{"count":0,"href":"https:\/\/www.valgardenasport.com\/de\/wp-json\/wp\/v2\/posts\/32114\/revisions"}],"wp:featuredmedia":[{"embeddable":true,"href":"https:\/\/www.valgardenasport.com\/de\/wp-json\/wp\/v2\/media\/32115"}],"wp:attachment":[{"href":"https:\/\/www.valgardenasport.com\/de\/wp-json\/wp\/v2\/media?parent=32114"}],"wp:term":[{"taxonomy":"category","embeddable":true,"href":"https:\/\/www.valgardenasport.com\/de\/wp-json\/wp\/v2\/categories?post=32114"},{"taxonomy":"post_tag","embeddable":true,"href":"https:\/\/www.valgardenasport.com\/de\/wp-json\/wp\/v2\/tags?post=32114"}],"curies":[{"name":"wp","href":"https:\/\/api.w.org\/{rel}","templated":true}]}}