{"id":32137,"date":"2023-10-07T14:48:22","date_gmt":"2023-10-07T12:48:22","guid":{"rendered":"https:\/\/www.valgardenasport.com\/unkategorisiert\/vallunga\/"},"modified":"2024-06-06T14:39:15","modified_gmt":"2024-06-06T12:39:15","slug":"langental","status":"publish","type":"post","link":"https:\/\/www.valgardenasport.com\/de\/mountainbike-e-bike-touren-in-den-dolomiten\/langental\/","title":{"rendered":"Langental"},"content":{"rendered":"<p><div class=\"fusion-fullwidth fullwidth-box fusion-builder-row-1 fusion-flex-container nonhundred-percent-fullwidth non-hundred-percent-height-scrolling\" style=\"--awb-border-radius-top-left:0px;--awb-border-radius-top-right:0px;--awb-border-radius-bottom-right:0px;--awb-border-radius-bottom-left:0px;--awb-flex-wrap:wrap;\" ><div class=\"fusion-builder-row fusion-row fusion-flex-align-items-flex-start fusion-flex-content-wrap\" style=\"max-width:1393.6px;margin-left: calc(-4% \/ 2 );margin-right: calc(-4% \/ 2 );\"><div class=\"fusion-layout-column fusion_builder_column fusion-builder-column-0 fusion_builder_column_3_5 3_5 fusion-flex-column\" style=\"--awb-bg-size:cover;--awb-width-large:60%;--awb-margin-top-large:0px;--awb-spacing-right-large:3.2%;--awb-margin-bottom-large:20px;--awb-spacing-left-large:3.2%;--awb-width-medium:60%;--awb-order-medium:0;--awb-spacing-right-medium:3.2%;--awb-spacing-left-medium:3.2%;--awb-width-small:100%;--awb-order-small:0;--awb-spacing-right-small:1.92%;--awb-spacing-left-small:1.92%;\"><div class=\"fusion-column-wrapper fusion-column-has-shadow fusion-flex-justify-content-flex-start fusion-content-layout-column\"><nav class=\"fusion-breadcrumbs fusion-breadcrumbs-1\" style=\"--awb-breadcrumb-sep:&#039;&gt;&#039;;\" aria-label=\"Breadcrumb\"><nav aria-label=\"breadcrumbs\" class=\"rank-math-breadcrumb\"><p><span class=\"last\">Home<\/span><\/p><\/nav><\/nav><div class=\"fusion-text fusion-text-1\"><p>Das Langental, nord\u00f6stlich von Wolkenstein im Naturpark Puez-Geisler gelegen, bietet eine atemberaubende Landschaft mit steilen Felsw\u00e4nden auf beiden Seiten und der Hochebene Pra da Ri am anderen Ende des Tals. Diese ruhige Variante der Langental-Mountainbiketour ist ideal f\u00fcr Familien oder Anf\u00e4nger, die eine leichte Herausforderung suchen, denn sie f\u00fchrt nicht bis in die h\u00f6chsten Lagen, sondern endet kurz nach dem Eingang des Tals. Die Route f\u00fchrt \u00fcber wenig befahrene Nebenstra\u00dfen, Feldwege und durch W\u00e4lder, ohne dass besondere technische F\u00e4higkeiten erforderlich sind.<\/p>\n<p>Vom Tourismusverband Wolkenstein aus f\u00e4hrst du in Richtung der Talstation Dantercepies und biegst dann nach Norden ab, um den Parkplatz am Eingang von Langental zu erreichen. Die Route f\u00fchrt mehr bergab als bergauf und bietet unterwegs Gelegenheiten zum Anhalten.<\/p>\n<p>Die vorgeschlagene Route f\u00fchrt etwa 1 km mit einem H\u00f6henunterschied von 50 Metern in Richtung des Zentrums von Langental. Mountainbiker, die eine gr\u00f6\u00dfere Herausforderung suchen, k\u00f6nnen die Route verl\u00e4ngern, indem sie auf der Langlaufloipe bis zum Beginn der Hochebene Pra da Ri weiterfahren. Die Tour endet hier, da es nicht mehr m\u00f6glich ist, mit dem Mountainbike weiterzufahren (siehe Varianten). Auf dem R\u00fcckweg, nachdem du den Parkplatz erreicht hast, folgst du der schmalen Zufahrtsstra\u00dfe nach Vallunga in Richtung Tal, bis du den Radweg westlich von Wolkenstein erreichst. Dieser Weg folgt der alten Gr\u00f6dner Bahn, leicht bergauf, und bringt dich zur\u00fcck zum Tourismusverband, dem Ausgangspunkt der Tour.<\/p>\n<\/div><\/div><\/div><div class=\"fusion-layout-column fusion_builder_column fusion-builder-column-1 fusion_builder_column_2_5 2_5 fusion-flex-column\" style=\"--awb-bg-size:cover;--awb-width-large:40%;--awb-margin-top-large:0px;--awb-spacing-right-large:4.8%;--awb-margin-bottom-large:20px;--awb-spacing-left-large:4.8%;--awb-width-medium:40%;--awb-order-medium:0;--awb-spacing-right-medium:4.8%;--awb-spacing-left-medium:4.8%;--awb-width-small:100%;--awb-order-small:0;--awb-spacing-right-small:1.92%;--awb-spacing-left-small:1.92%;\"><div class=\"fusion-column-wrapper fusion-column-has-shadow fusion-flex-justify-content-flex-start fusion-content-layout-column\"> <iframe src=https:\/\/www.komoot.de\/tour\/1340777183\/embed?profile=1&share_token=ae538mkmgGfhMoDS749fFQ1925pg134fVJrRP6MFo6eblKiI3n width=\"100%\" height=\"700\" frameborder=\"0\" scrolling=\"no\"><\/iframe><\/div><\/div><\/div><\/div><div class=\"fusion-fullwidth fullwidth-box fusion-builder-row-2 fusion-flex-container has-pattern-background has-mask-background nonhundred-percent-fullwidth non-hundred-percent-height-scrolling\" style=\"--awb-border-radius-top-left:0px;--awb-border-radius-top-right:0px;--awb-border-radius-bottom-right:0px;--awb-border-radius-bottom-left:0px;--awb-flex-wrap:wrap;\" ><div class=\"fusion-builder-row fusion-row fusion-flex-align-items-flex-start fusion-flex-content-wrap\" style=\"max-width:1393.6px;margin-left: calc(-4% \/ 2 );margin-right: calc(-4% \/ 2 );\"><div class=\"fusion-layout-column fusion_builder_column fusion-builder-column-2 fusion_builder_column_1_1 1_1 fusion-flex-column\" style=\"--awb-bg-size:cover;--awb-width-large:100%;--awb-margin-top-large:0px;--awb-spacing-right-large:1.92%;--awb-margin-bottom-large:20px;--awb-spacing-left-large:1.92%;--awb-width-medium:100%;--awb-order-medium:0;--awb-spacing-right-medium:1.92%;--awb-spacing-left-medium:1.92%;--awb-width-small:100%;--awb-order-small:0;--awb-spacing-right-small:1.92%;--awb-spacing-left-small:1.92%;\"><div class=\"fusion-column-wrapper fusion-column-has-shadow fusion-flex-justify-content-flex-start fusion-content-layout-column\"><div class=\"fusion-text fusion-text-2\"><p><strong style=\"font-family: var(--awb-text-font-family); font-size: var(--awb-font-size); font-style: var(--awb-text-font-style); letter-spacing: var(--awb-letter-spacing); text-align: var(--awb-content-alignment); text-transform: var(--awb-text-transform);\">Varianten<\/strong><\/p>\n<ol>\n<li><strong>Verl\u00e4ngerung nach Pra da Ri:<\/strong> Wenn du eine l\u00e4ngere Tour mit einem gr\u00f6\u00dferen H\u00f6henunterschied suchst, kannst du den Wendepunkt der Tour vor dem Langental umgehen und auf der Langlaufloipe bis zur Hochebene Pra da Ri hinauffahren, wo du dich wunderbar erholen kannst. Auf dem R\u00fcckweg auf der gleichen Route nimmst du die Tour wieder auf.<\/li>\n<li><strong>Kombination mit der Gr\u00f6dnertour:<\/strong> Das Langental und das Gr\u00f6dnertal lassen sich zu einem perfekten Reiseprogramm kombinieren. Du beginnst die Gr\u00f6dner Tour, indem du leicht links abbiegst und ein kurzes St\u00fcck auf der Stra\u00dfe f\u00e4hrst. Am ersten Kreisverkehr biegst du links ab und folgst der Stra\u00dfe nach Vallunga. Dort schlie\u00dft du dich der zuvor beschriebenen Tour an und folgst ihr in umgekehrter Richtung bis zum Punkt 1 beim Tourismusverband Wolkenstein.<\/li>\n<\/ol>\n<\/div><\/div><\/div><\/div><\/div><\/p>\n","protected":false},"excerpt":{"rendered":"","protected":false},"author":1,"featured_media":28532,"comment_status":"open","ping_status":"open","sticky":false,"template":"","format":"standard","meta":{"footnotes":""},"categories":[264],"tags":[],"class_list":["post-32137","post","type-post","status-publish","format-standard","has-post-thumbnail","hentry","category-mountainbike-e-bike-touren-in-den-dolomiten"],"_links":{"self":[{"href":"https:\/\/www.valgardenasport.com\/de\/wp-json\/wp\/v2\/posts\/32137","targetHints":{"allow":["GET"]}}],"collection":[{"href":"https:\/\/www.valgardenasport.com\/de\/wp-json\/wp\/v2\/posts"}],"about":[{"href":"https:\/\/www.valgardenasport.com\/de\/wp-json\/wp\/v2\/types\/post"}],"author":[{"embeddable":true,"href":"https:\/\/www.valgardenasport.com\/de\/wp-json\/wp\/v2\/users\/1"}],"replies":[{"embeddable":true,"href":"https:\/\/www.valgardenasport.com\/de\/wp-json\/wp\/v2\/comments?post=32137"}],"version-history":[{"count":0,"href":"https:\/\/www.valgardenasport.com\/de\/wp-json\/wp\/v2\/posts\/32137\/revisions"}],"wp:featuredmedia":[{"embeddable":true,"href":"https:\/\/www.valgardenasport.com\/de\/wp-json\/wp\/v2\/media\/28532"}],"wp:attachment":[{"href":"https:\/\/www.valgardenasport.com\/de\/wp-json\/wp\/v2\/media?parent=32137"}],"wp:term":[{"taxonomy":"category","embeddable":true,"href":"https:\/\/www.valgardenasport.com\/de\/wp-json\/wp\/v2\/categories?post=32137"},{"taxonomy":"post_tag","embeddable":true,"href":"https:\/\/www.valgardenasport.com\/de\/wp-json\/wp\/v2\/tags?post=32137"}],"curies":[{"name":"wp","href":"https:\/\/api.w.org\/{rel}","templated":true}]}}